{"id":866,"date":"2023-04-17T09:06:07","date_gmt":"2023-04-17T09:06:07","guid":{"rendered":"https:\/\/palikes.net\/?p=866"},"modified":"2023-04-26T09:43:00","modified_gmt":"2023-04-26T09:43:00","slug":"the-rave-kulture-tercer-episodio-13-de-mayo-en-la-santa","status":"publish","type":"post","link":"https:\/\/palikes.net\/?p=866","title":{"rendered":"The Rave Kulture tercer episodio, 13 de mayo en La Santa"},"content":{"rendered":"<p>The Rave Kulture vuelve a La Santa, en la avenida Francisco la Roche, el s\u00e1bado 13 de mayo. El tercer episodio de una cita imperdible para todos los seguidores de un movimiento que est\u00e1 fuerte en la capital, tal y como ha quedado patente en las dos citas anteriores. Santa Cruz volver\u00e1 a vibrar, <strong>en esta ocasi\u00f3n con Dj Jonay, Master Chic y Dj Kr\u00fcger<\/strong> como maestros de ceremonia.<\/p>\n<p>La cita est\u00e1 fijada a partir de las 23:00 y el precio de la entrada es de 20 euros, con derecho a una cerveza. <a href=\"https:\/\/tickety.es\/event\/ravers-old-skool-episode-3\" target=\"_blank\" rel=\"noopener\">Compra tu entrada aqu\u00ed<\/a> y disfruta de una noche de las que quedan en el recuerdo.<\/p>\n<p><iframe title=\"THE RAVE KULTURE CARNAVALES TENERIFE 2023\" width=\"880\" height=\"495\" src=\"https:\/\/www.youtube.com\/embed\/RrPoSP0Iclw?feature=oembed\" frameborder=\"0\" allow=\"accelerometer; autoplay; clipboard-write; encrypted-media; gyroscope; picture-in-picture; web-share\" allowfullscreen><\/iframe><\/p>\n<h2>30 a\u00f1os de Dj Jonay<\/h2>\n<p>Dj Jonay cumpli\u00f3 en 2023 30 a\u00f1os a los platos y este <a href=\"https:\/\/www.instagram.com\/theravekulture\/\" target=\"_blank\" rel=\"noopener\">tercer episodio de The Rave Kulture<\/a> es una nueva oportunidad de verlo en acci\u00f3n. Cada sesi\u00f3n suya es una celebraci\u00f3n y est\u00e1 encontrado en esta serie de sesiones la gran fidelidad de sus seguidores. Muchos de ellos le acompa\u00f1an desde sus primeros pasos, lo que lo convierte en uno de los referentes en el circuito canario.<\/p>\n","protected":false},"excerpt":{"rendered":"<p>Dj Jonay, Master Chic y Dj Kr\u00fcger se dan cita en un nuevo episodio de The Rave Kulture en La Santa <\/p>\n","protected":false},"author":2,"featured_media":872,"comment_status":"open","ping_status":"closed","sticky":false,"template":"","format":"standard","meta":{"footnotes":""},"categories":[5],"tags":[326,328,151,327],"class_list":["post-866","post","type-post","status-publish","format-standard","has-post-thumbnail","hentry","category-musica","tag-dj-jonay","tag-la-santa","tag-musica","tag-the-rave-kulture"],"yoast_head":"<!-- This site is optimized with the Yoast SEO plugin v27.5 - https:\/\/yoast.com\/product\/yoast-seo-wordpress\/ -->\n<title>The Rave Kulture tercer episodio, 13 de mayo en La Santa - Palikes<\/title>\n<meta name=\"description\" content=\"The Rave Kulture en su tercer episodio tendr\u00e1 lugar en La Santa, avenida Francisco la Roche, el 13 de mayo\" \/>\n<meta name=\"robots\" content=\"index, follow, max-snippet:-1, max-image-preview:large, max-video-preview:-1\" \/>\n<link rel=\"canonical\" href=\"https:\/\/palikes.net\/?p=866\" \/>\n<meta property=\"og:locale\" content=\"es_ES\" \/>\n<meta property=\"og:type\" content=\"article\" \/>\n<meta property=\"og:title\" content=\"The Rave Kulture tercer episodio, 13 de mayo en La Santa - Palikes\" \/>\n<meta property=\"og:description\" content=\"The Rave Kulture en su tercer episodio tendr\u00e1 lugar en La Santa, avenida Francisco la Roche, el 13 de mayo\" \/>\n<meta property=\"og:url\" content=\"https:\/\/palikes.net\/?p=866\" \/>\n<meta property=\"og:site_name\" content=\"Palikes\" \/>\n<meta property=\"article:published_time\" content=\"2023-04-17T09:06:07+00:00\" \/>\n<meta property=\"article:modified_time\" content=\"2023-04-26T09:43:00+00:00\" \/>\n<meta property=\"og:image\" content=\"https:\/\/palikes.net\/wp-content\/uploads\/2023\/04\/dj-jonay-sesion-1024x576.png\" \/>\n\t<meta property=\"og:image:width\" content=\"1024\" \/>\n\t<meta property=\"og:image:height\" content=\"576\" \/>\n\t<meta property=\"og:image:type\" content=\"image\/png\" \/>\n<meta name=\"author\" content=\"Jorge Mart\u00ednez\" \/>\n<meta name=\"twitter:card\" content=\"summary_large_image\" \/>\n<meta name=\"twitter:label1\" content=\"Escrito por\" \/>\n\t<meta name=\"twitter:data1\" content=\"Jorge Mart\u00ednez\" \/>\n\t<meta name=\"twitter:label2\" content=\"Tiempo de lectura\" \/>\n\t<meta name=\"twitter:data2\" content=\"1 minuto\" \/>\n<script type=\"application\/ld+json\" class=\"yoast-schema-graph\">{\"@context\":\"https:\\\/\\\/schema.org\",\"@graph\":[{\"@type\":\"Article\",\"@id\":\"https:\\\/\\\/palikes.net\\\/?p=866#article\",\"isPartOf\":{\"@id\":\"https:\\\/\\\/palikes.net\\\/?p=866\"},\"author\":{\"name\":\"Jorge Mart\u00ednez\",\"@id\":\"https:\\\/\\\/palikes.net\\\/#\\\/schema\\\/person\\\/3f9b0ef1302471f53ebcd65fdc9bb595\"},\"headline\":\"The Rave Kulture tercer episodio, 13 de mayo en La Santa\",\"datePublished\":\"2023-04-17T09:06:07+00:00\",\"dateModified\":\"2023-04-26T09:43:00+00:00\",\"mainEntityOfPage\":{\"@id\":\"https:\\\/\\\/palikes.net\\\/?p=866\"},\"wordCount\":203,\"commentCount\":0,\"publisher\":{\"@id\":\"https:\\\/\\\/palikes.net\\\/#organization\"},\"image\":{\"@id\":\"https:\\\/\\\/palikes.net\\\/?p=866#primaryimage\"},\"thumbnailUrl\":\"https:\\\/\\\/palikes.net\\\/wp-content\\\/uploads\\\/2023\\\/04\\\/dj-jonay-sesion.png\",\"keywords\":[\"Dj Jonay\",\"La Santa\",\"M\u00fasica\",\"The Rave Kulture\"],\"articleSection\":[\"M\u00fasica\"],\"inLanguage\":\"es\",\"potentialAction\":[{\"@type\":\"CommentAction\",\"name\":\"Comment\",\"target\":[\"https:\\\/\\\/palikes.net\\\/?p=866#respond\"]}]},{\"@type\":\"WebPage\",\"@id\":\"https:\\\/\\\/palikes.net\\\/?p=866\",\"url\":\"https:\\\/\\\/palikes.net\\\/?p=866\",\"name\":\"The Rave Kulture tercer episodio, 13 de mayo en La Santa - Palikes\",\"isPartOf\":{\"@id\":\"https:\\\/\\\/palikes.net\\\/#website\"},\"primaryImageOfPage\":{\"@id\":\"https:\\\/\\\/palikes.net\\\/?p=866#primaryimage\"},\"image\":{\"@id\":\"https:\\\/\\\/palikes.net\\\/?p=866#primaryimage\"},\"thumbnailUrl\":\"https:\\\/\\\/palikes.net\\\/wp-content\\\/uploads\\\/2023\\\/04\\\/dj-jonay-sesion.png\",\"datePublished\":\"2023-04-17T09:06:07+00:00\",\"dateModified\":\"2023-04-26T09:43:00+00:00\",\"description\":\"The Rave Kulture en su tercer episodio tendr\u00e1 lugar en La Santa, avenida Francisco la Roche, el 13 de mayo\",\"breadcrumb\":{\"@id\":\"https:\\\/\\\/palikes.net\\\/?p=866#breadcrumb\"},\"inLanguage\":\"es\",\"potentialAction\":[{\"@type\":\"ReadAction\",\"target\":[\"https:\\\/\\\/palikes.net\\\/?p=866\"]}]},{\"@type\":\"ImageObject\",\"inLanguage\":\"es\",\"@id\":\"https:\\\/\\\/palikes.net\\\/?p=866#primaryimage\",\"url\":\"https:\\\/\\\/palikes.net\\\/wp-content\\\/uploads\\\/2023\\\/04\\\/dj-jonay-sesion.png\",\"contentUrl\":\"https:\\\/\\\/palikes.net\\\/wp-content\\\/uploads\\\/2023\\\/04\\\/dj-jonay-sesion.png\",\"width\":1600,\"height\":900,\"caption\":\"Dj Jonay durante una de sus sesiones | @djjonay\"},{\"@type\":\"BreadcrumbList\",\"@id\":\"https:\\\/\\\/palikes.net\\\/?p=866#breadcrumb\",\"itemListElement\":[{\"@type\":\"ListItem\",\"position\":1,\"name\":\"Portada\",\"item\":\"https:\\\/\\\/palikes.net\\\/\"},{\"@type\":\"ListItem\",\"position\":2,\"name\":\"The Rave Kulture tercer episodio, 13 de mayo en La Santa\"}]},{\"@type\":\"WebSite\",\"@id\":\"https:\\\/\\\/palikes.net\\\/#website\",\"url\":\"https:\\\/\\\/palikes.net\\\/\",\"name\":\"Palikes\",\"description\":\"M\u00fasica y tendencias\",\"publisher\":{\"@id\":\"https:\\\/\\\/palikes.net\\\/#organization\"},\"potentialAction\":[{\"@type\":\"SearchAction\",\"target\":{\"@type\":\"EntryPoint\",\"urlTemplate\":\"https:\\\/\\\/palikes.net\\\/?s={search_term_string}\"},\"query-input\":{\"@type\":\"PropertyValueSpecification\",\"valueRequired\":true,\"valueName\":\"search_term_string\"}}],\"inLanguage\":\"es\"},{\"@type\":\"Organization\",\"@id\":\"https:\\\/\\\/palikes.net\\\/#organization\",\"name\":\"Palikes\",\"url\":\"https:\\\/\\\/palikes.net\\\/\",\"logo\":{\"@type\":\"ImageObject\",\"inLanguage\":\"es\",\"@id\":\"https:\\\/\\\/palikes.net\\\/#\\\/schema\\\/logo\\\/image\\\/\",\"url\":\"https:\\\/\\\/palikes.net\\\/wp-content\\\/uploads\\\/2023\\\/03\\\/Recurso-35.png\",\"contentUrl\":\"https:\\\/\\\/palikes.net\\\/wp-content\\\/uploads\\\/2023\\\/03\\\/Recurso-35.png\",\"width\":2977,\"height\":677,\"caption\":\"Palikes\"},\"image\":{\"@id\":\"https:\\\/\\\/palikes.net\\\/#\\\/schema\\\/logo\\\/image\\\/\"}},{\"@type\":\"Person\",\"@id\":\"https:\\\/\\\/palikes.net\\\/#\\\/schema\\\/person\\\/3f9b0ef1302471f53ebcd65fdc9bb595\",\"name\":\"Jorge Mart\u00ednez\",\"image\":{\"@type\":\"ImageObject\",\"inLanguage\":\"es\",\"@id\":\"https:\\\/\\\/secure.gravatar.com\\\/avatar\\\/e7e9682613e32dfa04b0ce3b288898814da2eaacb33cc5e8ce0e0ee0810d8ddb?s=96&d=mm&r=g\",\"url\":\"https:\\\/\\\/secure.gravatar.com\\\/avatar\\\/e7e9682613e32dfa04b0ce3b288898814da2eaacb33cc5e8ce0e0ee0810d8ddb?s=96&d=mm&r=g\",\"contentUrl\":\"https:\\\/\\\/secure.gravatar.com\\\/avatar\\\/e7e9682613e32dfa04b0ce3b288898814da2eaacb33cc5e8ce0e0ee0810d8ddb?s=96&d=mm&r=g\",\"caption\":\"Jorge Mart\u00ednez\"},\"sameAs\":[\"https:\\\/\\\/palikes.net\"],\"url\":\"https:\\\/\\\/palikes.net\\\/?author=2\"}]}<\/script>\n<!-- \/ Yoast SEO plugin. -->","yoast_head_json":{"title":"The Rave Kulture tercer episodio, 13 de mayo en La Santa - Palikes","description":"The Rave Kulture en su tercer episodio tendr\u00e1 lugar en La Santa, avenida Francisco la Roche, el 13 de mayo","robots":{"index":"index","follow":"follow","max-snippet":"max-snippet:-1","max-image-preview":"max-image-preview:large","max-video-preview":"max-video-preview:-1"},"canonical":"https:\/\/palikes.net\/?p=866","og_locale":"es_ES","og_type":"article","og_title":"The Rave Kulture tercer episodio, 13 de mayo en La Santa - Palikes","og_description":"The Rave Kulture en su tercer episodio tendr\u00e1 lugar en La Santa, avenida Francisco la Roche, el 13 de mayo","og_url":"https:\/\/palikes.net\/?p=866","og_site_name":"Palikes","article_published_time":"2023-04-17T09:06:07+00:00","article_modified_time":"2023-04-26T09:43:00+00:00","og_image":[{"width":1024,"height":576,"url":"https:\/\/palikes.net\/wp-content\/uploads\/2023\/04\/dj-jonay-sesion-1024x576.png","type":"image\/png"}],"author":"Jorge Mart\u00ednez","twitter_card":"summary_large_image","twitter_misc":{"Escrito por":"Jorge Mart\u00ednez","Tiempo de lectura":"1 minuto"},"schema":{"@context":"https:\/\/schema.org","@graph":[{"@type":"Article","@id":"https:\/\/palikes.net\/?p=866#article","isPartOf":{"@id":"https:\/\/palikes.net\/?p=866"},"author":{"name":"Jorge Mart\u00ednez","@id":"https:\/\/palikes.net\/#\/schema\/person\/3f9b0ef1302471f53ebcd65fdc9bb595"},"headline":"The Rave Kulture tercer episodio, 13 de mayo en La Santa","datePublished":"2023-04-17T09:06:07+00:00","dateModified":"2023-04-26T09:43:00+00:00","mainEntityOfPage":{"@id":"https:\/\/palikes.net\/?p=866"},"wordCount":203,"commentCount":0,"publisher":{"@id":"https:\/\/palikes.net\/#organization"},"image":{"@id":"https:\/\/palikes.net\/?p=866#primaryimage"},"thumbnailUrl":"https:\/\/palikes.net\/wp-content\/uploads\/2023\/04\/dj-jonay-sesion.png","keywords":["Dj Jonay","La Santa","M\u00fasica","The Rave Kulture"],"articleSection":["M\u00fasica"],"inLanguage":"es","potentialAction":[{"@type":"CommentAction","name":"Comment","target":["https:\/\/palikes.net\/?p=866#respond"]}]},{"@type":"WebPage","@id":"https:\/\/palikes.net\/?p=866","url":"https:\/\/palikes.net\/?p=866","name":"The Rave Kulture tercer episodio, 13 de mayo en La Santa - Palikes","isPartOf":{"@id":"https:\/\/palikes.net\/#website"},"primaryImageOfPage":{"@id":"https:\/\/palikes.net\/?p=866#primaryimage"},"image":{"@id":"https:\/\/palikes.net\/?p=866#primaryimage"},"thumbnailUrl":"https:\/\/palikes.net\/wp-content\/uploads\/2023\/04\/dj-jonay-sesion.png","datePublished":"2023-04-17T09:06:07+00:00","dateModified":"2023-04-26T09:43:00+00:00","description":"The Rave Kulture en su tercer episodio tendr\u00e1 lugar en La Santa, avenida Francisco la Roche, el 13 de mayo","breadcrumb":{"@id":"https:\/\/palikes.net\/?p=866#breadcrumb"},"inLanguage":"es","potentialAction":[{"@type":"ReadAction","target":["https:\/\/palikes.net\/?p=866"]}]},{"@type":"ImageObject","inLanguage":"es","@id":"https:\/\/palikes.net\/?p=866#primaryimage","url":"https:\/\/palikes.net\/wp-content\/uploads\/2023\/04\/dj-jonay-sesion.png","contentUrl":"https:\/\/palikes.net\/wp-content\/uploads\/2023\/04\/dj-jonay-sesion.png","width":1600,"height":900,"caption":"Dj Jonay durante una de sus sesiones | @djjonay"},{"@type":"BreadcrumbList","@id":"https:\/\/palikes.net\/?p=866#breadcrumb","itemListElement":[{"@type":"ListItem","position":1,"name":"Portada","item":"https:\/\/palikes.net\/"},{"@type":"ListItem","position":2,"name":"The Rave Kulture tercer episodio, 13 de mayo en La Santa"}]},{"@type":"WebSite","@id":"https:\/\/palikes.net\/#website","url":"https:\/\/palikes.net\/","name":"Palikes","description":"M\u00fasica y tendencias","publisher":{"@id":"https:\/\/palikes.net\/#organization"},"potentialAction":[{"@type":"SearchAction","target":{"@type":"EntryPoint","urlTemplate":"https:\/\/palikes.net\/?s={search_term_string}"},"query-input":{"@type":"PropertyValueSpecification","valueRequired":true,"valueName":"search_term_string"}}],"inLanguage":"es"},{"@type":"Organization","@id":"https:\/\/palikes.net\/#organization","name":"Palikes","url":"https:\/\/palikes.net\/","logo":{"@type":"ImageObject","inLanguage":"es","@id":"https:\/\/palikes.net\/#\/schema\/logo\/image\/","url":"https:\/\/palikes.net\/wp-content\/uploads\/2023\/03\/Recurso-35.png","contentUrl":"https:\/\/palikes.net\/wp-content\/uploads\/2023\/03\/Recurso-35.png","width":2977,"height":677,"caption":"Palikes"},"image":{"@id":"https:\/\/palikes.net\/#\/schema\/logo\/image\/"}},{"@type":"Person","@id":"https:\/\/palikes.net\/#\/schema\/person\/3f9b0ef1302471f53ebcd65fdc9bb595","name":"Jorge Mart\u00ednez","image":{"@type":"ImageObject","inLanguage":"es","@id":"https:\/\/secure.gravatar.com\/avatar\/e7e9682613e32dfa04b0ce3b288898814da2eaacb33cc5e8ce0e0ee0810d8ddb?s=96&d=mm&r=g","url":"https:\/\/secure.gravatar.com\/avatar\/e7e9682613e32dfa04b0ce3b288898814da2eaacb33cc5e8ce0e0ee0810d8ddb?s=96&d=mm&r=g","contentUrl":"https:\/\/secure.gravatar.com\/avatar\/e7e9682613e32dfa04b0ce3b288898814da2eaacb33cc5e8ce0e0ee0810d8ddb?s=96&d=mm&r=g","caption":"Jorge Mart\u00ednez"},"sameAs":["https:\/\/palikes.net"],"url":"https:\/\/palikes.net\/?author=2"}]}},"amp_enabled":true,"_links":{"self":[{"href":"https:\/\/palikes.net\/index.php?rest_route=\/wp\/v2\/posts\/866","targetHints":{"allow":["GET"]}}],"collection":[{"href":"https:\/\/palikes.net\/index.php?rest_route=\/wp\/v2\/posts"}],"about":[{"href":"https:\/\/palikes.net\/index.php?rest_route=\/wp\/v2\/types\/post"}],"author":[{"embeddable":true,"href":"https:\/\/palikes.net\/index.php?rest_route=\/wp\/v2\/users\/2"}],"replies":[{"embeddable":true,"href":"https:\/\/palikes.net\/index.php?rest_route=%2Fwp%2Fv2%2Fcomments&post=866"}],"version-history":[{"count":4,"href":"https:\/\/palikes.net\/index.php?rest_route=\/wp\/v2\/posts\/866\/revisions"}],"predecessor-version":[{"id":873,"href":"https:\/\/palikes.net\/index.php?rest_route=\/wp\/v2\/posts\/866\/revisions\/873"}],"wp:featuredmedia":[{"embeddable":true,"href":"https:\/\/palikes.net\/index.php?rest_route=\/wp\/v2\/media\/872"}],"wp:attachment":[{"href":"https:\/\/palikes.net\/index.php?rest_route=%2Fwp%2Fv2%2Fmedia&parent=866"}],"wp:term":[{"taxonomy":"category","embeddable":true,"href":"https:\/\/palikes.net\/index.php?rest_route=%2Fwp%2Fv2%2Fcategories&post=866"},{"taxonomy":"post_tag","embeddable":true,"href":"https:\/\/palikes.net\/index.php?rest_route=%2Fwp%2Fv2%2Ftags&post=866"}],"curies":[{"name":"wp","href":"https:\/\/api.w.org\/{rel}","templated":true}]}}