{"id":794,"date":"2023-04-19T22:08:30","date_gmt":"2023-04-19T22:08:30","guid":{"rendered":"https:\/\/palikes.net\/?p=794"},"modified":"2023-04-23T18:52:12","modified_gmt":"2023-04-23T18:52:12","slug":"cruz-cafune-lanza-su-segundo-adelanto-ja-morant","status":"publish","type":"post","link":"https:\/\/palikes.net\/?p=794","title":{"rendered":"Cruz Cafun\u00e9 lanza su segundo adelanto, &#8216;Ja Morant&#8217;"},"content":{"rendered":"<p>El rapero tinerfe\u00f1o Cruz Cafun\u00e9 lanz\u00f3 hace poco m\u00e1s de un mes\u00a0 &#8216;Turbo\/Espifan\u00eda&#8217; como carta de presentaci\u00f3n de su pr\u00f3ximo trabajo. Tras aparecer en colaboraciones con referentes de la escena como <strong>Toteking, Bejo y Elio Toffana<\/strong> por ejemplo, donde el canario brill\u00f3, ahora viene con todo. &#8216;Ja Morant&#8217; es el nombre de su segundo tema, al que le acompa\u00f1a un v\u00eddeo muy cuidado.<\/p>\n<p>Al poco de salir, Ja Morant ya fue tendencia en las plataformas musicales y en pocas horas <strong>super\u00f3 las 200.000 visitas en Youtube.<\/strong> Sus seguidores esperan lo mejor del rapero Cruz Cafun\u00e9 en este trabajo y el feedback que ha recibido el artista es muy positivo sobre lo publicado. \u00a1As\u00ed suena, dale al play!<\/p>\n<p><iframe title=\"CRUZ CAFUN\u00c9 - JA MORANT\" width=\"880\" height=\"495\" src=\"https:\/\/www.youtube.com\/embed\/zpRM05b_2Js?feature=oembed\" frameborder=\"0\" allow=\"accelerometer; autoplay; clipboard-write; encrypted-media; gyroscope; picture-in-picture; web-share\" allowfullscreen><\/iframe><\/p>\n","protected":false},"excerpt":{"rendered":"<p>El disco que est\u00e1 por llegar del tinerfe\u00f1o Cruz Cafun\u00e9, uno de los m\u00e1s esperados del a\u00f1o<\/p>\n","protected":false},"author":2,"featured_media":795,"comment_status":"open","ping_status":"closed","sticky":false,"template":"","format":"standard","meta":{"footnotes":""},"categories":[5,276,278],"tags":[298,299,151,238,300],"class_list":["post-794","post","type-post","status-publish","format-standard","has-post-thumbnail","hentry","category-musica","category-portada","category-destacados","tag-cruz-cafune","tag-ja-morant","tag-musica","tag-rap","tag-videoclip"],"yoast_head":"<!-- This site is optimized with the Yoast SEO plugin v27.5 - https:\/\/yoast.com\/product\/yoast-seo-wordpress\/ -->\n<title>Cruz Cafun\u00e9 lanza su segundo adelanto, &#039;Ja Morant&#039; - Palikes<\/title>\n<meta name=\"description\" content=\"El rapero Cruz Cafun\u00e9 publica &#039;Ja Morant&#039; como segundo adelanto de su pr\u00f3ximo trabajo, uno de los m\u00e1s esperados en Espa\u00f1a\" \/>\n<meta name=\"robots\" content=\"index, follow, max-snippet:-1, max-image-preview:large, max-video-preview:-1\" \/>\n<link rel=\"canonical\" href=\"https:\/\/palikes.net\/?p=794\" \/>\n<meta property=\"og:locale\" content=\"es_ES\" \/>\n<meta property=\"og:type\" content=\"article\" \/>\n<meta property=\"og:title\" content=\"Cruz Cafun\u00e9 lanza su segundo adelanto, &#039;Ja Morant&#039; - Palikes\" \/>\n<meta property=\"og:description\" content=\"El rapero Cruz Cafun\u00e9 publica &#039;Ja Morant&#039; como segundo adelanto de su pr\u00f3ximo trabajo, uno de los m\u00e1s esperados en Espa\u00f1a\" \/>\n<meta property=\"og:url\" content=\"https:\/\/palikes.net\/?p=794\" \/>\n<meta property=\"og:site_name\" content=\"Palikes\" \/>\n<meta property=\"article:published_time\" content=\"2023-04-19T22:08:30+00:00\" \/>\n<meta property=\"article:modified_time\" content=\"2023-04-23T18:52:12+00:00\" \/>\n<meta property=\"og:image\" content=\"https:\/\/palikes.net\/wp-content\/uploads\/2023\/04\/cruz-cafune.png\" \/>\n\t<meta property=\"og:image:width\" content=\"1600\" \/>\n\t<meta property=\"og:image:height\" content=\"900\" \/>\n\t<meta property=\"og:image:type\" content=\"image\/png\" \/>\n<meta name=\"author\" content=\"Jorge Mart\u00ednez\" \/>\n<meta name=\"twitter:card\" content=\"summary_large_image\" \/>\n<meta name=\"twitter:label1\" content=\"Escrito por\" \/>\n\t<meta name=\"twitter:data1\" content=\"Jorge Mart\u00ednez\" \/>\n\t<meta name=\"twitter:label2\" content=\"Tiempo de lectura\" \/>\n\t<meta name=\"twitter:data2\" content=\"1 minuto\" \/>\n<script type=\"application\/ld+json\" class=\"yoast-schema-graph\">{\"@context\":\"https:\\\/\\\/schema.org\",\"@graph\":[{\"@type\":\"Article\",\"@id\":\"https:\\\/\\\/palikes.net\\\/?p=794#article\",\"isPartOf\":{\"@id\":\"https:\\\/\\\/palikes.net\\\/?p=794\"},\"author\":{\"name\":\"Jorge Mart\u00ednez\",\"@id\":\"https:\\\/\\\/palikes.net\\\/#\\\/schema\\\/person\\\/3f9b0ef1302471f53ebcd65fdc9bb595\"},\"headline\":\"Cruz Cafun\u00e9 lanza su segundo adelanto, &#8216;Ja Morant&#8217;\",\"datePublished\":\"2023-04-19T22:08:30+00:00\",\"dateModified\":\"2023-04-23T18:52:12+00:00\",\"mainEntityOfPage\":{\"@id\":\"https:\\\/\\\/palikes.net\\\/?p=794\"},\"wordCount\":141,\"commentCount\":0,\"publisher\":{\"@id\":\"https:\\\/\\\/palikes.net\\\/#organization\"},\"image\":{\"@id\":\"https:\\\/\\\/palikes.net\\\/?p=794#primaryimage\"},\"thumbnailUrl\":\"https:\\\/\\\/palikes.net\\\/wp-content\\\/uploads\\\/2023\\\/04\\\/cruz-cafune.png\",\"keywords\":[\"Cruz Cafun\u00e9\",\"Ja Morant\",\"M\u00fasica\",\"rap\",\"videoclip\"],\"articleSection\":[\"M\u00fasica\",\"Portada\",\"Portada Destacada\"],\"inLanguage\":\"es\",\"potentialAction\":[{\"@type\":\"CommentAction\",\"name\":\"Comment\",\"target\":[\"https:\\\/\\\/palikes.net\\\/?p=794#respond\"]}]},{\"@type\":\"WebPage\",\"@id\":\"https:\\\/\\\/palikes.net\\\/?p=794\",\"url\":\"https:\\\/\\\/palikes.net\\\/?p=794\",\"name\":\"Cruz Cafun\u00e9 lanza su segundo adelanto, 'Ja Morant' - Palikes\",\"isPartOf\":{\"@id\":\"https:\\\/\\\/palikes.net\\\/#website\"},\"primaryImageOfPage\":{\"@id\":\"https:\\\/\\\/palikes.net\\\/?p=794#primaryimage\"},\"image\":{\"@id\":\"https:\\\/\\\/palikes.net\\\/?p=794#primaryimage\"},\"thumbnailUrl\":\"https:\\\/\\\/palikes.net\\\/wp-content\\\/uploads\\\/2023\\\/04\\\/cruz-cafune.png\",\"datePublished\":\"2023-04-19T22:08:30+00:00\",\"dateModified\":\"2023-04-23T18:52:12+00:00\",\"description\":\"El rapero Cruz Cafun\u00e9 publica 'Ja Morant' como segundo adelanto de su pr\u00f3ximo trabajo, uno de los m\u00e1s esperados en Espa\u00f1a\",\"breadcrumb\":{\"@id\":\"https:\\\/\\\/palikes.net\\\/?p=794#breadcrumb\"},\"inLanguage\":\"es\",\"potentialAction\":[{\"@type\":\"ReadAction\",\"target\":[\"https:\\\/\\\/palikes.net\\\/?p=794\"]}]},{\"@type\":\"ImageObject\",\"inLanguage\":\"es\",\"@id\":\"https:\\\/\\\/palikes.net\\\/?p=794#primaryimage\",\"url\":\"https:\\\/\\\/palikes.net\\\/wp-content\\\/uploads\\\/2023\\\/04\\\/cruz-cafune.png\",\"contentUrl\":\"https:\\\/\\\/palikes.net\\\/wp-content\\\/uploads\\\/2023\\\/04\\\/cruz-cafune.png\",\"width\":1600,\"height\":900,\"caption\":\"El rapero tinerfe\u00f1o Cruz Cafun\u00e9 en una sesi\u00f3n de fotos | @youtube\"},{\"@type\":\"BreadcrumbList\",\"@id\":\"https:\\\/\\\/palikes.net\\\/?p=794#breadcrumb\",\"itemListElement\":[{\"@type\":\"ListItem\",\"position\":1,\"name\":\"Portada\",\"item\":\"https:\\\/\\\/palikes.net\\\/\"},{\"@type\":\"ListItem\",\"position\":2,\"name\":\"Cruz Cafun\u00e9 lanza su segundo adelanto, &#8216;Ja Morant&#8217;\"}]},{\"@type\":\"WebSite\",\"@id\":\"https:\\\/\\\/palikes.net\\\/#website\",\"url\":\"https:\\\/\\\/palikes.net\\\/\",\"name\":\"Palikes\",\"description\":\"M\u00fasica y tendencias\",\"publisher\":{\"@id\":\"https:\\\/\\\/palikes.net\\\/#organization\"},\"potentialAction\":[{\"@type\":\"SearchAction\",\"target\":{\"@type\":\"EntryPoint\",\"urlTemplate\":\"https:\\\/\\\/palikes.net\\\/?s={search_term_string}\"},\"query-input\":{\"@type\":\"PropertyValueSpecification\",\"valueRequired\":true,\"valueName\":\"search_term_string\"}}],\"inLanguage\":\"es\"},{\"@type\":\"Organization\",\"@id\":\"https:\\\/\\\/palikes.net\\\/#organization\",\"name\":\"Palikes\",\"url\":\"https:\\\/\\\/palikes.net\\\/\",\"logo\":{\"@type\":\"ImageObject\",\"inLanguage\":\"es\",\"@id\":\"https:\\\/\\\/palikes.net\\\/#\\\/schema\\\/logo\\\/image\\\/\",\"url\":\"https:\\\/\\\/palikes.net\\\/wp-content\\\/uploads\\\/2023\\\/03\\\/Recurso-35.png\",\"contentUrl\":\"https:\\\/\\\/palikes.net\\\/wp-content\\\/uploads\\\/2023\\\/03\\\/Recurso-35.png\",\"width\":2977,\"height\":677,\"caption\":\"Palikes\"},\"image\":{\"@id\":\"https:\\\/\\\/palikes.net\\\/#\\\/schema\\\/logo\\\/image\\\/\"}},{\"@type\":\"Person\",\"@id\":\"https:\\\/\\\/palikes.net\\\/#\\\/schema\\\/person\\\/3f9b0ef1302471f53ebcd65fdc9bb595\",\"name\":\"Jorge Mart\u00ednez\",\"image\":{\"@type\":\"ImageObject\",\"inLanguage\":\"es\",\"@id\":\"https:\\\/\\\/secure.gravatar.com\\\/avatar\\\/e7e9682613e32dfa04b0ce3b288898814da2eaacb33cc5e8ce0e0ee0810d8ddb?s=96&d=mm&r=g\",\"url\":\"https:\\\/\\\/secure.gravatar.com\\\/avatar\\\/e7e9682613e32dfa04b0ce3b288898814da2eaacb33cc5e8ce0e0ee0810d8ddb?s=96&d=mm&r=g\",\"contentUrl\":\"https:\\\/\\\/secure.gravatar.com\\\/avatar\\\/e7e9682613e32dfa04b0ce3b288898814da2eaacb33cc5e8ce0e0ee0810d8ddb?s=96&d=mm&r=g\",\"caption\":\"Jorge Mart\u00ednez\"},\"sameAs\":[\"https:\\\/\\\/palikes.net\"],\"url\":\"https:\\\/\\\/palikes.net\\\/?author=2\"}]}<\/script>\n<!-- \/ Yoast SEO plugin. -->","yoast_head_json":{"title":"Cruz Cafun\u00e9 lanza su segundo adelanto, 'Ja Morant' - Palikes","description":"El rapero Cruz Cafun\u00e9 publica 'Ja Morant' como segundo adelanto de su pr\u00f3ximo trabajo, uno de los m\u00e1s esperados en Espa\u00f1a","robots":{"index":"index","follow":"follow","max-snippet":"max-snippet:-1","max-image-preview":"max-image-preview:large","max-video-preview":"max-video-preview:-1"},"canonical":"https:\/\/palikes.net\/?p=794","og_locale":"es_ES","og_type":"article","og_title":"Cruz Cafun\u00e9 lanza su segundo adelanto, 'Ja Morant' - Palikes","og_description":"El rapero Cruz Cafun\u00e9 publica 'Ja Morant' como segundo adelanto de su pr\u00f3ximo trabajo, uno de los m\u00e1s esperados en Espa\u00f1a","og_url":"https:\/\/palikes.net\/?p=794","og_site_name":"Palikes","article_published_time":"2023-04-19T22:08:30+00:00","article_modified_time":"2023-04-23T18:52:12+00:00","og_image":[{"width":1600,"height":900,"url":"https:\/\/palikes.net\/wp-content\/uploads\/2023\/04\/cruz-cafune.png","type":"image\/png"}],"author":"Jorge Mart\u00ednez","twitter_card":"summary_large_image","twitter_misc":{"Escrito por":"Jorge Mart\u00ednez","Tiempo de lectura":"1 minuto"},"schema":{"@context":"https:\/\/schema.org","@graph":[{"@type":"Article","@id":"https:\/\/palikes.net\/?p=794#article","isPartOf":{"@id":"https:\/\/palikes.net\/?p=794"},"author":{"name":"Jorge Mart\u00ednez","@id":"https:\/\/palikes.net\/#\/schema\/person\/3f9b0ef1302471f53ebcd65fdc9bb595"},"headline":"Cruz Cafun\u00e9 lanza su segundo adelanto, &#8216;Ja Morant&#8217;","datePublished":"2023-04-19T22:08:30+00:00","dateModified":"2023-04-23T18:52:12+00:00","mainEntityOfPage":{"@id":"https:\/\/palikes.net\/?p=794"},"wordCount":141,"commentCount":0,"publisher":{"@id":"https:\/\/palikes.net\/#organization"},"image":{"@id":"https:\/\/palikes.net\/?p=794#primaryimage"},"thumbnailUrl":"https:\/\/palikes.net\/wp-content\/uploads\/2023\/04\/cruz-cafune.png","keywords":["Cruz Cafun\u00e9","Ja Morant","M\u00fasica","rap","videoclip"],"articleSection":["M\u00fasica","Portada","Portada Destacada"],"inLanguage":"es","potentialAction":[{"@type":"CommentAction","name":"Comment","target":["https:\/\/palikes.net\/?p=794#respond"]}]},{"@type":"WebPage","@id":"https:\/\/palikes.net\/?p=794","url":"https:\/\/palikes.net\/?p=794","name":"Cruz Cafun\u00e9 lanza su segundo adelanto, 'Ja Morant' - Palikes","isPartOf":{"@id":"https:\/\/palikes.net\/#website"},"primaryImageOfPage":{"@id":"https:\/\/palikes.net\/?p=794#primaryimage"},"image":{"@id":"https:\/\/palikes.net\/?p=794#primaryimage"},"thumbnailUrl":"https:\/\/palikes.net\/wp-content\/uploads\/2023\/04\/cruz-cafune.png","datePublished":"2023-04-19T22:08:30+00:00","dateModified":"2023-04-23T18:52:12+00:00","description":"El rapero Cruz Cafun\u00e9 publica 'Ja Morant' como segundo adelanto de su pr\u00f3ximo trabajo, uno de los m\u00e1s esperados en Espa\u00f1a","breadcrumb":{"@id":"https:\/\/palikes.net\/?p=794#breadcrumb"},"inLanguage":"es","potentialAction":[{"@type":"ReadAction","target":["https:\/\/palikes.net\/?p=794"]}]},{"@type":"ImageObject","inLanguage":"es","@id":"https:\/\/palikes.net\/?p=794#primaryimage","url":"https:\/\/palikes.net\/wp-content\/uploads\/2023\/04\/cruz-cafune.png","contentUrl":"https:\/\/palikes.net\/wp-content\/uploads\/2023\/04\/cruz-cafune.png","width":1600,"height":900,"caption":"El rapero tinerfe\u00f1o Cruz Cafun\u00e9 en una sesi\u00f3n de fotos | @youtube"},{"@type":"BreadcrumbList","@id":"https:\/\/palikes.net\/?p=794#breadcrumb","itemListElement":[{"@type":"ListItem","position":1,"name":"Portada","item":"https:\/\/palikes.net\/"},{"@type":"ListItem","position":2,"name":"Cruz Cafun\u00e9 lanza su segundo adelanto, &#8216;Ja Morant&#8217;"}]},{"@type":"WebSite","@id":"https:\/\/palikes.net\/#website","url":"https:\/\/palikes.net\/","name":"Palikes","description":"M\u00fasica y tendencias","publisher":{"@id":"https:\/\/palikes.net\/#organization"},"potentialAction":[{"@type":"SearchAction","target":{"@type":"EntryPoint","urlTemplate":"https:\/\/palikes.net\/?s={search_term_string}"},"query-input":{"@type":"PropertyValueSpecification","valueRequired":true,"valueName":"search_term_string"}}],"inLanguage":"es"},{"@type":"Organization","@id":"https:\/\/palikes.net\/#organization","name":"Palikes","url":"https:\/\/palikes.net\/","logo":{"@type":"ImageObject","inLanguage":"es","@id":"https:\/\/palikes.net\/#\/schema\/logo\/image\/","url":"https:\/\/palikes.net\/wp-content\/uploads\/2023\/03\/Recurso-35.png","contentUrl":"https:\/\/palikes.net\/wp-content\/uploads\/2023\/03\/Recurso-35.png","width":2977,"height":677,"caption":"Palikes"},"image":{"@id":"https:\/\/palikes.net\/#\/schema\/logo\/image\/"}},{"@type":"Person","@id":"https:\/\/palikes.net\/#\/schema\/person\/3f9b0ef1302471f53ebcd65fdc9bb595","name":"Jorge Mart\u00ednez","image":{"@type":"ImageObject","inLanguage":"es","@id":"https:\/\/secure.gravatar.com\/avatar\/e7e9682613e32dfa04b0ce3b288898814da2eaacb33cc5e8ce0e0ee0810d8ddb?s=96&d=mm&r=g","url":"https:\/\/secure.gravatar.com\/avatar\/e7e9682613e32dfa04b0ce3b288898814da2eaacb33cc5e8ce0e0ee0810d8ddb?s=96&d=mm&r=g","contentUrl":"https:\/\/secure.gravatar.com\/avatar\/e7e9682613e32dfa04b0ce3b288898814da2eaacb33cc5e8ce0e0ee0810d8ddb?s=96&d=mm&r=g","caption":"Jorge Mart\u00ednez"},"sameAs":["https:\/\/palikes.net"],"url":"https:\/\/palikes.net\/?author=2"}]}},"amp_enabled":true,"_links":{"self":[{"href":"https:\/\/palikes.net\/index.php?rest_route=\/wp\/v2\/posts\/794","targetHints":{"allow":["GET"]}}],"collection":[{"href":"https:\/\/palikes.net\/index.php?rest_route=\/wp\/v2\/posts"}],"about":[{"href":"https:\/\/palikes.net\/index.php?rest_route=\/wp\/v2\/types\/post"}],"author":[{"embeddable":true,"href":"https:\/\/palikes.net\/index.php?rest_route=\/wp\/v2\/users\/2"}],"replies":[{"embeddable":true,"href":"https:\/\/palikes.net\/index.php?rest_route=%2Fwp%2Fv2%2Fcomments&post=794"}],"version-history":[{"count":1,"href":"https:\/\/palikes.net\/index.php?rest_route=\/wp\/v2\/posts\/794\/revisions"}],"predecessor-version":[{"id":796,"href":"https:\/\/palikes.net\/index.php?rest_route=\/wp\/v2\/posts\/794\/revisions\/796"}],"wp:featuredmedia":[{"embeddable":true,"href":"https:\/\/palikes.net\/index.php?rest_route=\/wp\/v2\/media\/795"}],"wp:attachment":[{"href":"https:\/\/palikes.net\/index.php?rest_route=%2Fwp%2Fv2%2Fmedia&parent=794"}],"wp:term":[{"taxonomy":"category","embeddable":true,"href":"https:\/\/palikes.net\/index.php?rest_route=%2Fwp%2Fv2%2Fcategories&post=794"},{"taxonomy":"post_tag","embeddable":true,"href":"https:\/\/palikes.net\/index.php?rest_route=%2Fwp%2Fv2%2Ftags&post=794"}],"curies":[{"name":"wp","href":"https:\/\/api.w.org\/{rel}","templated":true}]}}